{"id":2398,"date":"2023-06-26T10:54:42","date_gmt":"2023-06-26T09:54:42","guid":{"rendered":"https:\/\/www.blv-kreis-pforzheim.de\/wordpress\/?p=2398"},"modified":"2023-12-01T10:13:33","modified_gmt":"2023-12-01T09:13:33","slug":"bericht-blv-meisterschaften-aktive-u20-u18-17-06-23","status":"publish","type":"post","link":"https:\/\/www.blv-kreis-pforzheim.de\/wordpress\/bericht-blv-meisterschaften-aktive-u20-u18-17-06-23\/","title":{"rendered":"Bericht BLV-Meisterschaften Aktive\/U20\/U18 17.06.23"},"content":{"rendered":"\n<p>Insgesamt 12 Athleten und Athletinnen aus dem Kreis Pforzheim gingen am vergangenen Samstag, dem 17. Juni bei den badischen Meisterschaften in Schutterwald an den Start. Sie nahmen an den 100m, den 200m und den 400m H\u00fcrden teil, starteten beim Speerwurf, dem Weitsprung und \u00fcber die 4x100m, 4&#215;100 Mixed und 4x400m Staffeln.<\/p>\n\n\n\n<p>Im Speerwurf der Frauen konnte sich Nina Schreiner vom SV B\u00fcchenbronn mit einer Weite von 34,35 Metern den dritten Platz, hinter Clio Gausmann (LG Region Karlsruhe) und Karina Fehrenbacher (MTG Mannheim) sichern. Auch in der WJU20 war eine Athletin aus dem Kreis erfolgreich. Mit einer Weite von 35,01 Metern schaffte Isabelle Biffel vom TV 1834 Pforzheim nicht nur eine neue pers\u00f6nliche Bestleistung, sondern erreichte damit hinter Lorena Fr\u00fchn (LG Offenburg) auch den zweiten Platz.<\/p>\n\n\n\n<p>Tim David Schr\u00f6ck von der TSG Niefern ging trotz einer Verletzung \u00fcber die 400m H\u00fcrden der U20 an den Start und kam nach 57,22 Sekunden auf dem dritten Platz ins Ziel. Mit dieser Zeit lief er au\u00dferdem die Norm f\u00fcr die deutschen Meisterschaften, die im Juli in Rostock stattfinden werden.<\/p>\n\n\n\n<p>\u00dcber die 100m und die 200m gab es gleich zwei neue pers\u00f6nliche Bestleistungen f\u00fcr Mattes Faller von der TSG Niefern. Mit einer Zeit von 11,78 Sekunden erreichte er in der U18 den siebten Platz, \u00fcber die 200m landete er nach 24,22 Sekunden auf dem sechsten Platz.<\/p>\n\n\n\n<p>Auch die an den Start gegangenen Staffeln der TSG Niefern waren sehr erfolgreich unterwegs. Die Athleten der 4x400m Staffel Tim David Schr\u00f6ck, Karsten M\u00fcller, Colin Schiller und Rafael Alcaniz Hofer kamen nach 3:25,31 Minuten ins Ziel, erreichten damit den ersten Platz und liefen die Norm f\u00fcr die deutschen Meisterschaften der Langstaffeln. Mit der 4x100m Staffel der M\u00e4nner, mussten sich die Athleten der TSG Niefern nur knapp der Siegstaffel aus Karlsruhe geschlagen geben. Mit einer Zeit von 42,72 Sekunden liefen Ronny Krause, Rafael Alcaniz Hofer, Colin Schiller und Karsten M\u00fcller auf dem zweiten Platz ins Ziel. Wie schon bei vorangegangen Wettk\u00e4mpfen, wurde auch bei den badischen Meisterschaften eine Mixed Staffel angeboten. Luisa Konrad, Laura Katz, S\u00f6ren-Mathies Stutz und Mattes Faller starteten \u00fcber die Distanz und sicherten sich mit einer Zeit von 49,04 Sekunden den badischen Meistertitel in der U20.<\/p>\n","protected":false},"excerpt":{"rendered":"<p>Insgesamt 12 Athleten und Athletinnen aus dem Kreis Pforzheim gingen am vergangenen Samstag, dem 17. Juni bei den badischen Meisterschaften in Schutterwald an den Start. Sie nahmen an den 100m, den 200m und den 400m H\u00fcrden teil, starteten beim Speerwurf, dem Weitsprung und \u00fcber die 4x100m, 4&#215;100 Mixed und 4x400m Staffeln. Im Speerwurf der Frauen [&hellip;]<\/p>\n","protected":false},"author":6,"featured_media":0,"comment_status":"closed","ping_status":"closed","sticky":false,"template":"","format":"standard","meta":{"footnotes":""},"categories":[1,3,6],"tags":[],"class_list":["post-2398","post","type-post","status-publish","format-standard","hentry","category-allgemein","category-news","category-presse"],"_links":{"self":[{"href":"https:\/\/www.blv-kreis-pforzheim.de\/wordpress\/wp-json\/wp\/v2\/posts\/2398","targetHints":{"allow":["GET"]}}],"collection":[{"href":"https:\/\/www.blv-kreis-pforzheim.de\/wordpress\/wp-json\/wp\/v2\/posts"}],"about":[{"href":"https:\/\/www.blv-kreis-pforzheim.de\/wordpress\/wp-json\/wp\/v2\/types\/post"}],"author":[{"embeddable":true,"href":"https:\/\/www.blv-kreis-pforzheim.de\/wordpress\/wp-json\/wp\/v2\/users\/6"}],"replies":[{"embeddable":true,"href":"https:\/\/www.blv-kreis-pforzheim.de\/wordpress\/wp-json\/wp\/v2\/comments?post=2398"}],"version-history":[{"count":2,"href":"https:\/\/www.blv-kreis-pforzheim.de\/wordpress\/wp-json\/wp\/v2\/posts\/2398\/revisions"}],"predecessor-version":[{"id":2441,"href":"https:\/\/www.blv-kreis-pforzheim.de\/wordpress\/wp-json\/wp\/v2\/posts\/2398\/revisions\/2441"}],"wp:attachment":[{"href":"https:\/\/www.blv-kreis-pforzheim.de\/wordpress\/wp-json\/wp\/v2\/media?parent=2398"}],"wp:term":[{"taxonomy":"category","embeddable":true,"href":"https:\/\/www.blv-kreis-pforzheim.de\/wordpress\/wp-json\/wp\/v2\/categories?post=2398"},{"taxonomy":"post_tag","embeddable":true,"href":"https:\/\/www.blv-kreis-pforzheim.de\/wordpress\/wp-json\/wp\/v2\/tags?post=2398"}],"curies":[{"name":"wp","href":"https:\/\/api.w.org\/{rel}","templated":true}]}}