{"id":2352,"date":"2023-03-11T14:55:44","date_gmt":"2023-03-11T13:55:44","guid":{"rendered":"http:\/\/www.blv-kreis-pforzheim.de\/wordpress\/?p=2352"},"modified":"2023-12-01T10:13:33","modified_gmt":"2023-12-01T09:13:33","slug":"vorstand-des-leichtathletikkreises-neu-aufgestellt","status":"publish","type":"post","link":"https:\/\/www.blv-kreis-pforzheim.de\/wordpress\/vorstand-des-leichtathletikkreises-neu-aufgestellt\/","title":{"rendered":"<strong>Vorstand des Leichtathletikkreises neu aufgestellt<\/strong>"},"content":{"rendered":"\n<p>Am 24. Februar hatte der Kreisvorsitzende, Robert Geller, nach Remchingen-Singen geladen, um die allj\u00e4hrliche Kreistagssitzung abzuhalten. Als Gru\u00dfredner begleiteten Luca-Wilhelm Prayon (B\u00fcrgermeister der Gemeinde Remchingen), Michael Schlicksupp (Pr\u00e4sident des Badischen Leichtathletikverbandes), Wolfgang Hohl (Pr\u00e4sidium des Sportkreises Pforzheim-Enz) und Christian Wallisch (Vorstand im TV N\u00f6ttingen) die Veranstaltung. Nach den Ehrungen der Mitarbeiter Britta Tepe, Andrea Reichstetter, Siegfried Reichstetter, Michael Knerrich und Peter Schultz waren die Athletinnen und Athleten an der Reihe, ihre Wanderpokale f\u00fcr die besten Athletinnen und Athleten der Saison in Empfang zu nehmen: Nina Schreiner \/ SV B\u00fcchenbronn, Lisa Fischer \/ TV Huchenfeld, Tim David Schr\u00f6ck \/ TSG Niefern und Daniel Ridinger \/ LV Biet.<\/p>\n\n\n\n<p>\u00dcber die letzten Jahre waren leider verschiedene L\u00fccken in der Besetzung des Vorstandsteams entstanden, zuletzt durch den Tod von Lidia Zentner. Trotzdem ist es gelungen, diese L\u00fccken wieder zu schlie\u00dfen und mit J\u00fcrgen Br\u00e4uer vom LC 80 einen neuen Wettkampfwart an Bord zu nehmen. Amelie Schwarz vom TV 1834 Pforzheim k\u00fcmmert sich k\u00fcnftig um Presse und \u00d6ffentlichkeitsarbeit und Maximilian Beiser vom TV 1834 Pforzheim ist in die Rolle des 2. Vorsitzenden geschl\u00fcpft. Die weiteren Wahl\u00e4mter Kampfrichterwartin, Lehrwartin und Statistikwart wurden mit den bisherigen Amtsinhabern Susanne Schwarz, Claudia Krafzik und Philipp Kern wieder besetzt. Auch der 1. Vorsitzende, Robert Geller, wurde in seinem Amt best\u00e4tigt.<\/p>\n\n\n\n<p>So geht der Leichtathletikkreis \u2013 deutlich verj\u00fcngt \u2013 in die anlaufende Saison. Am 29. April ruft die LG Stein-Eisingen zur Bahner\u00f6ffnung nach K\u00f6nigsbach, am 6. Mai werden die Kreismeisterschaften der Block-F\u00fcnfk\u00e4mpfe in B\u00fcchenbronn ausgetragen und am 13.\/14. Mai finden in Niefern die Kreismeisterschaften Mehrkampf statt \u2013 von Dreikampf f\u00fcr den Nachwuchs bis zum Sieben- und Zehnkampf f\u00fcr die Aktiven. F\u00fcr die Masters-Klassen wurde ein zus\u00e4tzlicher Anreiz geschaffen. Ab der Saison 2023 wird der Lidia-Zentner-Ged\u00e4chtnispokal f\u00fcr herausragende Leistungen im Masters-Bereich vergeben.<\/p>\n\n\n\n<figure class=\"wp-block-image size-large\"><a href=\"http:\/\/www.blv-kreis-pforzheim.de\/wordpress\/wp-content\/uploads\/2023\/03\/DSC_0160-scaled.jpg\"><img loading=\"lazy\" decoding=\"async\" width=\"1024\" height=\"680\" src=\"http:\/\/www.blv-kreis-pforzheim.de\/wordpress\/wp-content\/uploads\/2023\/03\/DSC_0160-1024x680.jpg\" alt=\"\" class=\"wp-image-2354\" srcset=\"https:\/\/www.blv-kreis-pforzheim.de\/wordpress\/wp-content\/uploads\/2023\/03\/DSC_0160-1024x680.jpg 1024w, https:\/\/www.blv-kreis-pforzheim.de\/wordpress\/wp-content\/uploads\/2023\/03\/DSC_0160-300x199.jpg 300w, https:\/\/www.blv-kreis-pforzheim.de\/wordpress\/wp-content\/uploads\/2023\/03\/DSC_0160-768x510.jpg 768w, https:\/\/www.blv-kreis-pforzheim.de\/wordpress\/wp-content\/uploads\/2023\/03\/DSC_0160-1536x1020.jpg 1536w, https:\/\/www.blv-kreis-pforzheim.de\/wordpress\/wp-content\/uploads\/2023\/03\/DSC_0160-2048x1360.jpg 2048w\" sizes=\"auto, (max-width: 1024px) 100vw, 1024px\" \/><\/a><figcaption class=\"wp-element-caption\">v.l.n.r.: Peter Schultz, Michael Knerrich, Daniel Ridinger, Michael Schlicksupp. Lisa Fischer, Luca-Wilhelm Prayon, Andrea Reichstetter, Nina Schreiner, Robert Geller, Siegfried Reichstetter<\/figcaption><\/figure>\n","protected":false},"excerpt":{"rendered":"<p>Am 24. Februar hatte der Kreisvorsitzende, Robert Geller, nach Remchingen-Singen geladen, um die allj\u00e4hrliche Kreistagssitzung abzuhalten. Als Gru\u00dfredner begleiteten Luca-Wilhelm Prayon (B\u00fcrgermeister der Gemeinde Remchingen), Michael Schlicksupp (Pr\u00e4sident des Badischen Leichtathletikverbandes), Wolfgang Hohl (Pr\u00e4sidium des Sportkreises Pforzheim-Enz) und Christian Wallisch (Vorstand im TV N\u00f6ttingen) die Veranstaltung. Nach den Ehrungen der Mitarbeiter Britta Tepe, Andrea Reichstetter, [&hellip;]<\/p>\n","protected":false},"author":6,"featured_media":0,"comment_status":"closed","ping_status":"closed","sticky":false,"template":"","format":"standard","meta":{"footnotes":""},"categories":[1,3,6],"tags":[],"class_list":["post-2352","post","type-post","status-publish","format-standard","hentry","category-allgemein","category-news","category-presse"],"_links":{"self":[{"href":"https:\/\/www.blv-kreis-pforzheim.de\/wordpress\/wp-json\/wp\/v2\/posts\/2352","targetHints":{"allow":["GET"]}}],"collection":[{"href":"https:\/\/www.blv-kreis-pforzheim.de\/wordpress\/wp-json\/wp\/v2\/posts"}],"about":[{"href":"https:\/\/www.blv-kreis-pforzheim.de\/wordpress\/wp-json\/wp\/v2\/types\/post"}],"author":[{"embeddable":true,"href":"https:\/\/www.blv-kreis-pforzheim.de\/wordpress\/wp-json\/wp\/v2\/users\/6"}],"replies":[{"embeddable":true,"href":"https:\/\/www.blv-kreis-pforzheim.de\/wordpress\/wp-json\/wp\/v2\/comments?post=2352"}],"version-history":[{"count":2,"href":"https:\/\/www.blv-kreis-pforzheim.de\/wordpress\/wp-json\/wp\/v2\/posts\/2352\/revisions"}],"predecessor-version":[{"id":2356,"href":"https:\/\/www.blv-kreis-pforzheim.de\/wordpress\/wp-json\/wp\/v2\/posts\/2352\/revisions\/2356"}],"wp:attachment":[{"href":"https:\/\/www.blv-kreis-pforzheim.de\/wordpress\/wp-json\/wp\/v2\/media?parent=2352"}],"wp:term":[{"taxonomy":"category","embeddable":true,"href":"https:\/\/www.blv-kreis-pforzheim.de\/wordpress\/wp-json\/wp\/v2\/categories?post=2352"},{"taxonomy":"post_tag","embeddable":true,"href":"https:\/\/www.blv-kreis-pforzheim.de\/wordpress\/wp-json\/wp\/v2\/tags?post=2352"}],"curies":[{"name":"wp","href":"https:\/\/api.w.org\/{rel}","templated":true}]}}