{"id":2325,"date":"2022-11-16T22:16:11","date_gmt":"2022-11-16T21:16:11","guid":{"rendered":"http:\/\/www.blv-kreis-pforzheim.de\/wordpress\/?p=2325"},"modified":"2023-12-01T10:13:33","modified_gmt":"2023-12-01T09:13:33","slug":"trauer-um-2-vorsitzende-lidia-zentner","status":"publish","type":"post","link":"https:\/\/www.blv-kreis-pforzheim.de\/wordpress\/trauer-um-2-vorsitzende-lidia-zentner\/","title":{"rendered":"Nachruf Lidia Zentner"},"content":{"rendered":"\n<p>Am 8. November 2022 ist unsere langj\u00e4hrige 2. Vorsitzende im Leichtathletikkreis, Lidia Zentner, verstorben. Sie war zugleich Vorsitzende des \u00fcber die Region hinaus bekannten Vereins Gazelle Pforzheim\/K\u00f6nigsbach und im Deutschen Leichtathletikverband Athletensprecherin f\u00fcr die Masters. Als bis zuletzt aktive Leichtathletin war sie sowohl national als auch international eine Gr\u00f6\u00dfe. So hat sie allein 56 Deutsche, 25 Europ\u00e4ische und 12 Weltmeistertitel auf unterschiedlichen Laufstrecken errungen. Bis heute steht hinter dem Weltrekord \u00fcber 10 km Stra\u00dfe in der Klasse W60 ihr Name. In ihrem Verein aber auch im Leichtathletikkreis Pforzheim war sie unerm\u00fcdlich und hat immer wieder junge Athletinnen und Athleten animiert, ein nachhaltiges Training aufzunehmen, aber auch motiviert, vor hochklassigen Wettk\u00e4mpfen nicht zur\u00fcckzustehen. Wir werden sie als Sportlerin und Trainerin aber vor allem als Mensch sehr vermissen.<\/p>\n\n\n\n<p>F\u00fcr den Leichtathletikkreis Pforzheim<\/p>\n\n\n\n<p>Robert Geller, 1. Vorsitzender<\/p>\n","protected":false},"excerpt":{"rendered":"<p>Am 8. November 2022 ist unsere langj\u00e4hrige 2. Vorsitzende im Leichtathletikkreis, Lidia Zentner, verstorben. Sie war zugleich Vorsitzende des \u00fcber die Region hinaus bekannten Vereins Gazelle Pforzheim\/K\u00f6nigsbach und im Deutschen Leichtathletikverband Athletensprecherin f\u00fcr die Masters. Als bis zuletzt aktive Leichtathletin war sie sowohl national als auch international eine Gr\u00f6\u00dfe. So hat sie allein 56 Deutsche, [&hellip;]<\/p>\n","protected":false},"author":6,"featured_media":0,"comment_status":"closed","ping_status":"closed","sticky":false,"template":"","format":"standard","meta":{"footnotes":""},"categories":[1,3,6],"tags":[],"class_list":["post-2325","post","type-post","status-publish","format-standard","hentry","category-allgemein","category-news","category-presse"],"_links":{"self":[{"href":"https:\/\/www.blv-kreis-pforzheim.de\/wordpress\/wp-json\/wp\/v2\/posts\/2325","targetHints":{"allow":["GET"]}}],"collection":[{"href":"https:\/\/www.blv-kreis-pforzheim.de\/wordpress\/wp-json\/wp\/v2\/posts"}],"about":[{"href":"https:\/\/www.blv-kreis-pforzheim.de\/wordpress\/wp-json\/wp\/v2\/types\/post"}],"author":[{"embeddable":true,"href":"https:\/\/www.blv-kreis-pforzheim.de\/wordpress\/wp-json\/wp\/v2\/users\/6"}],"replies":[{"embeddable":true,"href":"https:\/\/www.blv-kreis-pforzheim.de\/wordpress\/wp-json\/wp\/v2\/comments?post=2325"}],"version-history":[{"count":2,"href":"https:\/\/www.blv-kreis-pforzheim.de\/wordpress\/wp-json\/wp\/v2\/posts\/2325\/revisions"}],"predecessor-version":[{"id":2331,"href":"https:\/\/www.blv-kreis-pforzheim.de\/wordpress\/wp-json\/wp\/v2\/posts\/2325\/revisions\/2331"}],"wp:attachment":[{"href":"https:\/\/www.blv-kreis-pforzheim.de\/wordpress\/wp-json\/wp\/v2\/media?parent=2325"}],"wp:term":[{"taxonomy":"category","embeddable":true,"href":"https:\/\/www.blv-kreis-pforzheim.de\/wordpress\/wp-json\/wp\/v2\/categories?post=2325"},{"taxonomy":"post_tag","embeddable":true,"href":"https:\/\/www.blv-kreis-pforzheim.de\/wordpress\/wp-json\/wp\/v2\/tags?post=2325"}],"curies":[{"name":"wp","href":"https:\/\/api.w.org\/{rel}","templated":true}]}}