{"id":2154,"date":"2021-05-17T19:13:00","date_gmt":"2021-05-17T18:13:00","guid":{"rendered":"http:\/\/www.blv-kreis-pforzheim.de\/wordpress\/?p=2154"},"modified":"2023-12-01T10:13:34","modified_gmt":"2023-12-01T09:13:34","slug":"nina-schreiner-stellt-gleich-zwei-kreisrekorde-im-speerwurf-auf","status":"publish","type":"post","link":"https:\/\/www.blv-kreis-pforzheim.de\/wordpress\/nina-schreiner-stellt-gleich-zwei-kreisrekorde-im-speerwurf-auf\/","title":{"rendered":"Nina Schreiner stellt gleich zwei Kreisrekorde im Speerwurf auf"},"content":{"rendered":"\n<p><strong>Bestmarken bei Frauen und U20 sind nun im Besitz des Talents vom SV B\u00fcchenbronn<\/strong><\/p>\n\n\n\n<p>ULM. Bei einem Testwettkampf f\u00fcr Athleten des Leichtathletik-Landeskaders Baden-W\u00fcrttemberg sorgte die Mehrkampf-Spezialistin Nina Schreiner vom SV B\u00fcchenbronn f\u00fcr einen Paukenschlag. Die 18-J\u00e4hrige, die seit der neuen Saison in der Altersklasse U20 am Start ist, stellte gleich zwei neue Kreisrekorde im Speewurf auf.<\/p>\n\n\n\n<p>Bei dem von Landestrainer Florian Bauder initiierten Wettbewerb im Ulmer Donaustadion demonstrierte Nina Schreiner, dass sie offenbar gut vorbereitet in die neue Saison geht. Dabei kommt ihr&nbsp; zugute, dass sie dank einer Ausnahmegenehmigung der Stadt Pforzheim durchgehend trainieren konnte &#8211; trotz Corona. In Ulm durfte auch nur starten, wer zuvor einen negativen Coronatest vorweisen konnte.<\/p>\n\n\n\n<p>P\u00fcnktlich zur ersten Disziplin, dem 100-Meter-H\u00fcrdenlauf, fing es an zu regnen.\u00a0 Nina Schreiner lief zum ersten Mal \u00fcber die H\u00fcrdenh\u00f6he von 84,2 Zentimeter. In ihrer neuen Altersklasse U20 sind die H\u00fcrden acht Zentimeter h\u00f6her als zuvor, identisch mit denen bei den Frauen. Die 18-J\u00e4hrige kam auf rutschigem Gel\u00e4uf in 15,03 Sekunden gut durch den H\u00fcrdenwald.<\/p>\n\n\n\n<figure class=\"wp-block-image\"><img decoding=\"async\" src=\"http:\/\/www.blv-kreis-pforzheim.de\/wordpress\/wp-content\/uploads\/2021\/05\/Nina-Schreiner-Rekorde-2021.jpg\" alt=\"\"\/><figcaption>Rekordverd\u00e4chtig: Nina Schreiner beim Speerwurf<\/figcaption><\/figure>\n\n\n\n<p>Obwohl Weitsprung im Trainingsplan der letzten sechs Monate keine gro\u00dfe Rolle bei Nina Schreiner spielte, landete sie bei 5,18 Metern. F\u00fcr ihren Trainer Peter Hess eine nicht erwartete Weite, liegt doch die Bestleistung seines Sch\u00fctzlinges bei 5,29 Meter. Den Vogel schoss Nina Schreiner dann im Speerwurf ab. Schon im Training zeichnete sich ab, dass das B\u00fcchenbronner Toptalent mit dem ab diesem Jahr schwereren Ger\u00e4t bestens zurecht kommt. Der Speer wiegt in der Altersklasse U20 und bei den Frauen exakt 600 Gramm,&nbsp; 100 Gramm mehr als vorher. Der U20-Kreisrekord stand seit 37 Jahren bei 36,40 Metern, gehalten von Jeanette Heimburger von der TGS 1895 Pforzheim. Nach zwei schwachen Versuchen, bei wechselnden Winden jagte Nina Schreiner den dritten Versuch auf 40,14 Meter. Damit verbesserte sie auch den Kreisrekord der Frauen, der seit 1989&nbsp; von Anke Pfr\u00fcnder vom Sportclub Pforzheim mit 39,76 Meter gehalten worden war. Nun hoffen Trainer Peter Hess und sein Sch\u00fctzling, dass die bisher terminierten Meisterschaften stattfinden k\u00f6nnen. Saisonh\u00f6hepunkt sollen die deutschen Mehrkampf-Meisterschaften im August in Wesel sein.<\/p>\n\n\n\n<p class=\"has-text-align-right\"><em>Pressewart<\/em><\/p>\n","protected":false},"excerpt":{"rendered":"<p>Bestmarken bei Frauen und U20 sind nun im Besitz des Talents vom SV B\u00fcchenbronn ULM. Bei einem Testwettkampf f\u00fcr Athleten des Leichtathletik-Landeskaders Baden-W\u00fcrttemberg sorgte die Mehrkampf-Spezialistin Nina Schreiner vom SV B\u00fcchenbronn f\u00fcr einen Paukenschlag. Die 18-J\u00e4hrige, die seit der neuen Saison in der Altersklasse U20 am Start ist, stellte gleich zwei neue Kreisrekorde im Speewurf [&hellip;]<\/p>\n","protected":false},"author":6,"featured_media":0,"comment_status":"closed","ping_status":"closed","sticky":false,"template":"","format":"standard","meta":{"footnotes":""},"categories":[1,3,6],"tags":[],"class_list":["post-2154","post","type-post","status-publish","format-standard","hentry","category-allgemein","category-news","category-presse"],"_links":{"self":[{"href":"https:\/\/www.blv-kreis-pforzheim.de\/wordpress\/wp-json\/wp\/v2\/posts\/2154","targetHints":{"allow":["GET"]}}],"collection":[{"href":"https:\/\/www.blv-kreis-pforzheim.de\/wordpress\/wp-json\/wp\/v2\/posts"}],"about":[{"href":"https:\/\/www.blv-kreis-pforzheim.de\/wordpress\/wp-json\/wp\/v2\/types\/post"}],"author":[{"embeddable":true,"href":"https:\/\/www.blv-kreis-pforzheim.de\/wordpress\/wp-json\/wp\/v2\/users\/6"}],"replies":[{"embeddable":true,"href":"https:\/\/www.blv-kreis-pforzheim.de\/wordpress\/wp-json\/wp\/v2\/comments?post=2154"}],"version-history":[{"count":3,"href":"https:\/\/www.blv-kreis-pforzheim.de\/wordpress\/wp-json\/wp\/v2\/posts\/2154\/revisions"}],"predecessor-version":[{"id":2157,"href":"https:\/\/www.blv-kreis-pforzheim.de\/wordpress\/wp-json\/wp\/v2\/posts\/2154\/revisions\/2157"}],"wp:attachment":[{"href":"https:\/\/www.blv-kreis-pforzheim.de\/wordpress\/wp-json\/wp\/v2\/media?parent=2154"}],"wp:term":[{"taxonomy":"category","embeddable":true,"href":"https:\/\/www.blv-kreis-pforzheim.de\/wordpress\/wp-json\/wp\/v2\/categories?post=2154"},{"taxonomy":"post_tag","embeddable":true,"href":"https:\/\/www.blv-kreis-pforzheim.de\/wordpress\/wp-json\/wp\/v2\/tags?post=2154"}],"curies":[{"name":"wp","href":"https:\/\/api.w.org\/{rel}","templated":true}]}}